{"id":486,"date":"2019-03-07T16:25:19","date_gmt":"2019-03-07T16:25:19","guid":{"rendered":"http:\/\/svolurnar.is\/?p=486"},"modified":"2019-03-07T16:25:19","modified_gmt":"2019-03-07T16:25:19","slug":"svolur-afhenda-gjof-til-grensasdeildar","status":"publish","type":"post","link":"https:\/\/svolurnar.is\/?p=486","title":{"rendered":"Sv\u00f6lur afhenda gj\u00f6f til Grens\u00e1sdeildar"},"content":{"rendered":"\n<p>Grens\u00e1sdeild Landsp\u00edtals er a\u00f0alstyrk\u00feegi Svalanna, g\u00f3\u00f0ger\u00f0arf\u00e9lags flugfreyja og flug\u00fej\u00f3na.  N\u00fdlega afhenti stj\u00f3rn Svalanna deildinni formlega n\u00fdja gj\u00f6f a\u00f0 ver\u00f0m\u00e6ti ein og h\u00e1lf millj\u00f3n kr\u00f3na; tvo rafkn\u00fana ba\u00f0bekki sem l\u00e9tta b\u00e6\u00f0i sj\u00faklingum og starfsf\u00f3lki l\u00edfi\u00f0. \u00deessi bekkir bera g\u00e6lunafni\u00f0 &#8222;bl\u00e1u l\u00f3nin&#8220;. <\/p>\n\n\n\n<p>\u00dea\u00f0 var a\u00f0 \u00feessu sinni  Margr\u00e9t Hallgr\u00edmsson sem t\u00f3k vi\u00f0 gj\u00f6finni fyrir h\u00f6nd Grens\u00e1sdeildarinnar. <\/p>\n\n\n\n<ul class=\"wp-block-gallery columns-2 is-cropped wp-block-gallery-1 is-layout-flex wp-block-gallery-is-layout-flex\"><li class=\"blocks-gallery-item\"><figure><img loading=\"lazy\" decoding=\"async\" width=\"1024\" height=\"683\" src=\"http:\/\/svolurnar.is\/wp-content\/uploads\/2019\/03\/IMG_3498-1024x683.jpg\" alt=\"\" data-id=\"497\" data-link=\"http:\/\/svolurnar.is\/?attachment_id=497\" class=\"wp-image-497\" srcset=\"https:\/\/svolurnar.is\/wp-content\/uploads\/2019\/03\/IMG_3498-1024x683.jpg 1024w, https:\/\/svolurnar.is\/wp-content\/uploads\/2019\/03\/IMG_3498-300x200.jpg 300w, https:\/\/svolurnar.is\/wp-content\/uploads\/2019\/03\/IMG_3498-768x512.jpg 768w\" sizes=\"(max-width: 1024px) 100vw, 1024px\" \/><figcaption>Gu\u00f0r\u00fan og Margr\u00e9t undirrita gjafabr\u00e9fin,<\/figcaption><\/figure><\/li><li class=\"blocks-gallery-item\"><figure><img loading=\"lazy\" decoding=\"async\" width=\"1024\" height=\"683\" src=\"http:\/\/svolurnar.is\/wp-content\/uploads\/2019\/03\/IMG_3501-1024x683.jpg\" alt=\"\" data-id=\"498\" data-link=\"http:\/\/svolurnar.is\/?attachment_id=498\" class=\"wp-image-498\" srcset=\"https:\/\/svolurnar.is\/wp-content\/uploads\/2019\/03\/IMG_3501-1024x683.jpg 1024w, https:\/\/svolurnar.is\/wp-content\/uploads\/2019\/03\/IMG_3501-300x200.jpg 300w, https:\/\/svolurnar.is\/wp-content\/uploads\/2019\/03\/IMG_3501-768x512.jpg 768w\" sizes=\"(max-width: 1024px) 100vw, 1024px\" \/><figcaption>Gj\u00f6f afhent formlega.<\/figcaption><\/figure><\/li><\/ul>\n\n\n\n<figure class=\"wp-block-image\"><img loading=\"lazy\" decoding=\"async\" width=\"1024\" height=\"340\" src=\"http:\/\/svolurnar.is\/wp-content\/uploads\/2019\/03\/IMG_3503-1024x340.jpg\" alt=\"\" class=\"wp-image-487\" srcset=\"https:\/\/svolurnar.is\/wp-content\/uploads\/2019\/03\/IMG_3503-1024x340.jpg 1024w, https:\/\/svolurnar.is\/wp-content\/uploads\/2019\/03\/IMG_3503-300x100.jpg 300w, https:\/\/svolurnar.is\/wp-content\/uploads\/2019\/03\/IMG_3503-768x255.jpg 768w\" sizes=\"(max-width: 1024px) 100vw, 1024px\" \/><figcaption>Stj\u00f3rn Svalanna 2018-2019 \u00e1samt Margr\u00e9ti.<\/figcaption><\/figure>\n\n\n\n<ul class=\"wp-block-gallery columns-3 is-cropped wp-block-gallery-2 is-layout-flex wp-block-gallery-is-layout-flex\"><li class=\"blocks-gallery-item\"><figure><img loading=\"lazy\" decoding=\"async\" width=\"1024\" height=\"683\" src=\"http:\/\/svolurnar.is\/wp-content\/uploads\/2019\/03\/IMG_3491-1024x683.jpg\" alt=\"\" data-id=\"490\" data-link=\"http:\/\/svolurnar.is\/?attachment_id=490\" class=\"wp-image-490\" srcset=\"https:\/\/svolurnar.is\/wp-content\/uploads\/2019\/03\/IMG_3491-1024x683.jpg 1024w, https:\/\/svolurnar.is\/wp-content\/uploads\/2019\/03\/IMG_3491-300x200.jpg 300w, https:\/\/svolurnar.is\/wp-content\/uploads\/2019\/03\/IMG_3491-768x512.jpg 768w\" sizes=\"(max-width: 1024px) 100vw, 1024px\" \/><figcaption>Gu\u00f0r\u00fan merkir Bl\u00e1a l\u00f3ni\u00f0.<\/figcaption><\/figure><\/li><li class=\"blocks-gallery-item\"><figure><img loading=\"lazy\" decoding=\"async\" width=\"819\" height=\"1024\" src=\"http:\/\/svolurnar.is\/wp-content\/uploads\/2019\/03\/IMG_6001-819x1024.jpg\" alt=\"\" data-id=\"491\" data-link=\"http:\/\/svolurnar.is\/?attachment_id=491\" class=\"wp-image-491\" srcset=\"https:\/\/svolurnar.is\/wp-content\/uploads\/2019\/03\/IMG_6001-819x1024.jpg 819w, https:\/\/svolurnar.is\/wp-content\/uploads\/2019\/03\/IMG_6001-240x300.jpg 240w, https:\/\/svolurnar.is\/wp-content\/uploads\/2019\/03\/IMG_6001-768x961.jpg 768w, https:\/\/svolurnar.is\/wp-content\/uploads\/2019\/03\/IMG_6001.jpg 1108w\" sizes=\"(max-width: 819px) 100vw, 819px\" \/><\/figure><\/li><li class=\"blocks-gallery-item\"><figure><img loading=\"lazy\" decoding=\"async\" width=\"1024\" height=\"683\" src=\"http:\/\/svolurnar.is\/wp-content\/uploads\/2019\/03\/IMG_3489-1024x683.jpg\" alt=\"\" data-id=\"492\" data-link=\"http:\/\/svolurnar.is\/?attachment_id=492\" class=\"wp-image-492\" srcset=\"https:\/\/svolurnar.is\/wp-content\/uploads\/2019\/03\/IMG_3489-1024x683.jpg 1024w, https:\/\/svolurnar.is\/wp-content\/uploads\/2019\/03\/IMG_3489-300x200.jpg 300w, https:\/\/svolurnar.is\/wp-content\/uploads\/2019\/03\/IMG_3489-768x512.jpg 768w\" sizes=\"(max-width: 1024px) 100vw, 1024px\" \/><\/figure><\/li><li class=\"blocks-gallery-item\"><figure><img loading=\"lazy\" decoding=\"async\" width=\"1024\" height=\"683\" src=\"http:\/\/svolurnar.is\/wp-content\/uploads\/2019\/03\/IMG_3492-1024x683.jpg\" alt=\"\" data-id=\"493\" data-link=\"http:\/\/svolurnar.is\/?attachment_id=493\" class=\"wp-image-493\" srcset=\"https:\/\/svolurnar.is\/wp-content\/uploads\/2019\/03\/IMG_3492-1024x683.jpg 1024w, https:\/\/svolurnar.is\/wp-content\/uploads\/2019\/03\/IMG_3492-300x200.jpg 300w, https:\/\/svolurnar.is\/wp-content\/uploads\/2019\/03\/IMG_3492-768x512.jpg 768w\" sizes=\"(max-width: 1024px) 100vw, 1024px\" \/><figcaption>Allar gjafir Svalanna eru merktar.<\/figcaption><\/figure><\/li><li class=\"blocks-gallery-item\"><figure><img loading=\"lazy\" decoding=\"async\" width=\"1024\" height=\"683\" src=\"http:\/\/svolurnar.is\/wp-content\/uploads\/2019\/03\/IMG_3490-1024x683.jpg\" alt=\"\" data-id=\"494\" data-link=\"http:\/\/svolurnar.is\/?attachment_id=494\" class=\"wp-image-494\" srcset=\"https:\/\/svolurnar.is\/wp-content\/uploads\/2019\/03\/IMG_3490-1024x683.jpg 1024w, https:\/\/svolurnar.is\/wp-content\/uploads\/2019\/03\/IMG_3490-300x200.jpg 300w, https:\/\/svolurnar.is\/wp-content\/uploads\/2019\/03\/IMG_3490-768x512.jpg 768w\" sizes=\"(max-width: 1024px) 100vw, 1024px\" \/><figcaption>Margr\u00e9t r\u00e6\u00f0ir vi\u00f0 stj\u00f3rnarkonur.<\/figcaption><\/figure><\/li><\/ul>\n\n\n\n<figure class=\"wp-block-image is-resized\"><img loading=\"lazy\" decoding=\"async\" src=\"http:\/\/svolurnar.is\/wp-content\/uploads\/2019\/03\/Ba\u00f0bekkir-723x1024.jpg\" alt=\"\" class=\"wp-image-488\" width=\"298\" height=\"422\" srcset=\"https:\/\/svolurnar.is\/wp-content\/uploads\/2019\/03\/Ba\u00f0bekkir-723x1024.jpg 723w, https:\/\/svolurnar.is\/wp-content\/uploads\/2019\/03\/Ba\u00f0bekkir-212x300.jpg 212w, https:\/\/svolurnar.is\/wp-content\/uploads\/2019\/03\/Ba\u00f0bekkir-768x1088.jpg 768w\" sizes=\"(max-width: 298px) 100vw, 298px\" \/><\/figure>\n","protected":false},"excerpt":{"rendered":"<p>Grens\u00e1sdeild Landsp\u00edtals er a\u00f0alstyrk\u00feegi Svalanna, g\u00f3\u00f0ger\u00f0arf\u00e9lags flugfreyja og flug\u00fej\u00f3na. N\u00fdlega afhenti stj\u00f3rn Svalanna deildinni formlega n\u00fdja gj\u00f6f a\u00f0 ver\u00f0m\u00e6ti ein og h\u00e1lf millj\u00f3n kr\u00f3na; tvo rafkn\u00fana ba\u00f0bekki sem l\u00e9tta b\u00e6\u00f0i sj\u00faklingum og starfsf\u00f3lki l\u00edfi\u00f0. \u00deessi bekkir bera g\u00e6lunafni\u00f0 &#8222;bl\u00e1u l\u00f3nin&#8220;. \u00dea\u00f0 var a\u00f0 \u00feessu sinni Margr\u00e9t Hallgr\u00edmsson sem t\u00f3k vi\u00f0 gj\u00f6finni fyrir h\u00f6nd Grens\u00e1sdeildarinnar.<\/p>\n","protected":false},"author":1,"featured_media":0,"comment_status":"open","ping_status":"closed","sticky":false,"template":"","format":"standard","meta":{"footnotes":""},"categories":[1],"tags":[],"_links":{"self":[{"href":"https:\/\/svolurnar.is\/index.php?rest_route=\/wp\/v2\/posts\/486"}],"collection":[{"href":"https:\/\/svolurnar.is\/index.php?rest_route=\/wp\/v2\/posts"}],"about":[{"href":"https:\/\/svolurnar.is\/index.php?rest_route=\/wp\/v2\/types\/post"}],"author":[{"embeddable":true,"href":"https:\/\/svolurnar.is\/index.php?rest_route=\/wp\/v2\/users\/1"}],"replies":[{"embeddable":true,"href":"https:\/\/svolurnar.is\/index.php?rest_route=%2Fwp%2Fv2%2Fcomments&post=486"}],"version-history":[{"count":1,"href":"https:\/\/svolurnar.is\/index.php?rest_route=\/wp\/v2\/posts\/486\/revisions"}],"predecessor-version":[{"id":499,"href":"https:\/\/svolurnar.is\/index.php?rest_route=\/wp\/v2\/posts\/486\/revisions\/499"}],"wp:attachment":[{"href":"https:\/\/svolurnar.is\/index.php?rest_route=%2Fwp%2Fv2%2Fmedia&parent=486"}],"wp:term":[{"taxonomy":"category","embeddable":true,"href":"https:\/\/svolurnar.is\/index.php?rest_route=%2Fwp%2Fv2%2Fcategories&post=486"},{"taxonomy":"post_tag","embeddable":true,"href":"https:\/\/svolurnar.is\/index.php?rest_route=%2Fwp%2Fv2%2Ftags&post=486"}],"curies":[{"name":"wp","href":"https:\/\/api.w.org\/{rel}","templated":true}]}}